{"id":400,"date":"2022-02-01T09:00:04","date_gmt":"2022-02-01T09:00:04","guid":{"rendered":"https:\/\/www.parkster.com\/se\/?p=400"},"modified":"2025-06-26T16:28:30","modified_gmt":"2025-06-26T16:28:30","slug":"lars-andersson-ny-vd-for-parkster","status":"publish","type":"post","link":"https:\/\/www.parkster.com\/se\/sv\/lars-andersson-ny-vd-for-parkster\/","title":{"rendered":"Lars Andersson ny vd f\u00f6r Parkster"},"content":{"rendered":"<div class=\"content-block lg:grid lg:grid-cols-1 lg: gap-12 \">\n<div class=\"mt-8 lg:mt-0\">\n<div class=\"mt-5 block-content lg:max-w-none lg:row-start-1 lg:col-start-1 break-words font-medium text-left\">\n<p><strong>I dag tilltr\u00e4der Lars Andersson, tidigare i en rad ledningsroller inklusive ansvarig f\u00f6r investerarrelationer p\u00e5 Lime Technologies, som vd p\u00e5 Parkster efter \u00e5tta m\u00e5nader som operativ chef (COO) f\u00f6r Lundabolaget. Grundaren Henrik Hallgren l\u00e4mnar posten efter 12 \u00e5r och forts\u00e4tter som arbetande styrelseordf\u00f6rande.\u00a0<\/strong><\/p>\n<p>&#8211; \u00a0\u00a0<em>Min viktigaste uppgift som vd \u00e4r att forts\u00e4tta skapa n\u00f6jda kunder och partners. Vi ska v\u00e4xa bolaget organiskt p\u00e5 samtliga Parkstermarknader och se till att vi \u00e4r r\u00e4tt positionerade f\u00f6r att vara en av de ledande parkeringsapparna i Europa fram\u00f6ver. Tillv\u00e4xt \u00e4r en del av bolagets DNA och en viktig strategi f\u00f6r att erbjuda v\u00e5ra tj\u00e4nster p\u00e5 allt fler platser. Med nuvarande tillv\u00e4xttakt n\u00e5r vi miljardoms\u00e4ttning inom kort, s\u00e4ger Lars Andersson och till\u00e4gger:<\/em><\/p>\n<p>&#8211; \u00a0\u00a0<em>Vi ska vidareutveckla v\u00e5r aff\u00e4rsmodell, att erbjuda kunderna kostnadsneutrala parkeringsl\u00f6sningar utan p\u00e5slag p\u00e5 st\u00e4dernas p-avgifter och samtidigt tillhandah\u00e5lla premiumtj\u00e4nster f\u00f6r de som \u00f6nskar underl\u00e4tta parkeringsvardagen ytterligare. Vi ska vara tydliga med v\u00e5r marknadsposition d\u00e5 den skiljer sig en hel del fr\u00e5n v\u00e5ra huvudkonkurrenter som n\u00e4stan alltid l\u00e4gger p\u00e5 h\u00f6ga procentsatser p\u00e5 kundernas parkeringstillf\u00e4llen.<\/em><\/p>\n<\/div>\n<\/div>\n<\/div>\n<div class=\"content-block lg:grid lg:grid-cols-2 lg: gap-12 \">\n<div class=\"relative flex items-center lg:row-start-1 lg:col-start-2\">\n<div class=\"relative text-base mx-auto max-w-prose lg:max-w-none\">\n<figure class=\"content-image\">\n<div class=\"w-auto\">\n<div class=\"w-auto\">\n<div class=\"aspect-h-4 aspect-w-3 flex justify-center pb-0\"><img loading=\"lazy\" decoding=\"async\" class=\"transition-opacity duration-300 opacity-100 rounded-xl object-cover relative\" src=\"https:\/\/media.parkster.io\/comp-3.jpg?auto=format&amp;fit=max&amp;w=828&amp;q=75\" srcset=\"https:\/\/media.parkster.io\/comp-3.jpg?auto=format&amp;fit=max&amp;w=640&amp;q=75 1x, https:\/\/media.parkster.io\/comp-3.jpg?auto=format&amp;fit=max&amp;w=828&amp;q=75 2x\" alt=\"\" width=\"400\" height=\"715\" data-nimg=\"1\" \/><\/div>\n<\/div>\n<\/div><figcaption class=\"text-sm text-gray-400 text-center\"><\/figcaption><\/figure>\n<\/div>\n<\/div>\n<div class=\"mt-8 lg:mt-0 flex flex-col justify-center\">\n<div class=\"mt-5 block-content lg:max-w-none lg:row-start-1 lg:col-start-1 break-words font-medium text-left\">\n<p>Parkster AB \u00f6kade oms\u00e4ttningen med 26 procent under 2021 d\u00e5 den prelimin\u00e4rt landar p\u00e5 697 miljoner med ett resultat f\u00f6re bokslutsdispositioner och skatt om 35 miljoner, att j\u00e4mf\u00f6ra med 24 miljoner \u00e5ret innan. Tillv\u00e4xten i Sverige var hela 41 procent under det sista kvartalet j\u00e4mf\u00f6rt med samma period 2020. Den st\u00f6rsta tillv\u00e4xt\u00f6kningen, ca 180 procent, sker i Tyskland d\u00e4r Parkster vinner uppdrag i h\u00f6g takt och under 2021 har lyckats bli landets fr\u00e4msta parkeringsapp sett till antalet anslutna st\u00e4der. Bolaget har \u00e4ven g\u00e5tt in p\u00e5 den \u00f6sterrikiska marknaden nyligen, bland nya \u00f6sterrikiska omr\u00e5den finns till exempel skidorten St Anton.<\/p>\n<p>Henrik Hallgren lade grunden till Parkster redan som student vid Lunds Tekniska h\u00f6gskola.<\/p>\n<p>&#8211; \u00a0\u00a0<em>Ambitionen med Parkster har alltid varit att skapa den b\u00e4sta t\u00e4nkbara arbetsplatsen, sen kommer resten. Det \u00e4r s\u00e5 vi rekryterat de b\u00e4sta kollegorna som skapat den b\u00e4sta, mest anpassningsbara tekniska l\u00f6sningen p\u00e5 marknaden, vilket tillsammans med god kundv\u00e5rd g\u00f6r att vi vinner upphandling efter upphandling. Det \u00e4r d\u00e4rf\u00f6r Lars \u00e4r en bra eftertr\u00e4dare, han vet att kulturen \u00e4r det viktigaste samt vad som kr\u00e4vs f\u00f6r att bibeh\u00e5lla en vinnande f\u00f6retagskultur i snabb tillv\u00e4xt, s\u00e4ger Henrik.\u00a0<\/em><\/p>\n<p>Lars Andersson har arbetat i en rad ledningsfunktioner inklusive vice vd, marknadschef samt CXO (chief experience officer) p\u00e5 Lime Technologies under 21 \u00e5r fram till 2021 och spelade en nyckelroll i b\u00f6rsnoteringen 2018. Han kliver nu \u00e4ven in som del\u00e4gare i Parkster d\u00e4r Henrik Hallgren fortsatt \u00e4r den enskilt st\u00f6rsta \u00e4garen.<\/p>\n<p>&nbsp;<\/p>\n<p><strong>Om Parkster<\/strong><\/p>\n<p>Parkster AB grundades som motreaktion till det oh\u00e5llbara parkeringsklimatet. Parkeringsb\u00f6ter ska ges till de som avsiktligt parkerar fel och st\u00f6r trafiken, inte till de vardagshj\u00e4ltar som fastnat i m\u00f6ten utan m\u00f6jlighet att flytta sin bil. F\u00f6r att f\u00f6rhindra att detta sker skapade bolaget en parkeringsl\u00f6sning som g\u00f6r det enkelt f\u00f6r anv\u00e4ndarna att g\u00f6ra r\u00e4tt f\u00f6r sig och att betala bara f\u00f6r den tid de faktiskt st\u00e5r parkerade. Parkster \u00e4gs helt av privata investerare och har huvudkontor p\u00e5 Stortorget 1 i Lund samt ett lokalt kontor p\u00e5 Lyonel-Feininger-Stra\u00dfe 28 i M\u00fcnchen.<\/p>\n<\/div>\n<\/div>\n<\/div>\n","protected":false},"excerpt":{"rendered":"<p>I dag tilltr\u00e4der Lars Andersson, tidigare i en rad ledningsroller inklusive ansvarig f\u00f6r investerarrelationer p\u00e5 Lime Technologies, som vd p\u00e5 Parkster efter \u00e5tta m\u00e5nader som operativ chef (COO) f\u00f6r Lundabolaget. Grundaren Henrik Hallgren l\u00e4mnar posten efter 12 \u00e5r och forts\u00e4tter som arbetande styrelseordf\u00f6rande.\u00a0 &#8211; \u00a0\u00a0Min viktigaste uppgift som vd \u00e4r att forts\u00e4tta skapa n\u00f6jda kunder [&hellip;]<\/p>\n","protected":false},"author":1,"featured_media":604,"comment_status":"open","ping_status":"open","sticky":false,"template":"","format":"standard","meta":{"_acf_changed":false,"footnotes":""},"categories":[49],"tags":[],"class_list":["post-400","post","type-post","status-publish","format-standard","has-post-thumbnail","hentry","category-press"],"acf":[],"lang":"sv","translations":{"sv":400},"pll_sync_post":[],"_links":{"self":[{"href":"https:\/\/www.parkster.com\/se\/wp-json\/wp\/v2\/posts\/400","targetHints":{"allow":["GET"]}}],"collection":[{"href":"https:\/\/www.parkster.com\/se\/wp-json\/wp\/v2\/posts"}],"about":[{"href":"https:\/\/www.parkster.com\/se\/wp-json\/wp\/v2\/types\/post"}],"author":[{"embeddable":true,"href":"https:\/\/www.parkster.com\/se\/wp-json\/wp\/v2\/users\/1"}],"replies":[{"embeddable":true,"href":"https:\/\/www.parkster.com\/se\/wp-json\/wp\/v2\/comments?post=400"}],"version-history":[{"count":0,"href":"https:\/\/www.parkster.com\/se\/wp-json\/wp\/v2\/posts\/400\/revisions"}],"wp:featuredmedia":[{"embeddable":true,"href":"https:\/\/www.parkster.com\/se\/wp-json\/wp\/v2\/media\/604"}],"wp:attachment":[{"href":"https:\/\/www.parkster.com\/se\/wp-json\/wp\/v2\/media?parent=400"}],"wp:term":[{"taxonomy":"category","embeddable":true,"href":"https:\/\/www.parkster.com\/se\/wp-json\/wp\/v2\/categories?post=400"},{"taxonomy":"post_tag","embeddable":true,"href":"https:\/\/www.parkster.com\/se\/wp-json\/wp\/v2\/tags?post=400"}],"curies":[{"name":"wp","href":"https:\/\/api.w.org\/{rel}","templated":true}]}}